{"id":1564,"date":"2020-02-19T10:35:00","date_gmt":"2020-02-19T10:35:00","guid":{"rendered":"http:\/\/198.20.108.162\/~sanlore7\/?p=1564"},"modified":"2021-03-09T13:15:05","modified_gmt":"2021-03-09T13:15:05","slug":"cappella-sant-aquilino","status":"publish","type":"post","link":"https:\/\/www.sanlorenzomaggiore.com\/index.php\/2020\/02\/19\/cappella-sant-aquilino\/","title":{"rendered":"La cappella di Sant&#8217;Aquilino"},"content":{"rendered":"<div class='message notice'>Il 15 luglio 2020 \u00e8 stato <strong>inaugurato<\/strong> il <strong>restauro della Cappella di S. Aquilino<\/strong>, dopo pi\u00f9 di due anni di lavori.<\/p>\n<p>Frutto di un\u2019intesa tra la Parrocchia di San Lorenzo, che \u00e8 custode da secoli di un bene cos\u00ec prezioso, e la Soprintendenza ad Archeologia, Belle arti e Paesaggio di Milano.<\/p>\n<p>Il restauro \u00e8 stato il frutto di un virtuoso gioco di squadra dove ognuno, ogni istituzione ha potuto fare la sua parte a servizio di un obiettivo comune e condiviso.<\/p>\n<p>Alla Comunit\u00e0 della Parrocchia, a tutto il Decanato del Centro storico di Milano, all\u2019Arcidiocesi di Milano nell\u2019Ufficio per i Beni culturali, all\u2019Amministrazione comunale della Citt\u00e0, alla Soprintendenza all\u2019Archeologia, Belle arti e Paesaggio di Milano, alle importanti istituzioni della Citt\u00e0 come le Fondazioni bancarie, ma non da ultimo ai tanti privati che hanno desiderato di sostenere l\u2019impresa va il nostro immenso <strong><em>Grazie !<\/em><\/strong><\/p>\n<\/div>\n<p>Attraverso un atrio a forcipe (una sala quadrata con due pareti absidate) si entra nell\u2019edificio ottagonale all\u2019esterno e articolato all\u2019interno da nicchie semicircolari e rettangolari.<\/p>\n<p>La cupola originale, che ha circa 1600 anni, \u00e8 perfettamente emisferica e ha forma ad ombrello: le nervature sono costituite da tubi fittili, cio\u00e8 di terracotta, che si inseriscono uno dentro l\u2019altro. Tale tecnica costruttiva, usata a partire dal II secolo, permetteva strutture sempre pi\u00f9 leggere e raggiunse il suo apice a Ravenna nel VI secolo.<\/p>\n\n\t\t<style type=\"text\/css\">\n\t\t\t#gallery-1 {\n\t\t\t\tmargin: auto;\n\t\t\t}\n\t\t\t#gallery-1 .gallery-item {\n\t\t\t\tfloat: left;\n\t\t\t\tmargin-top: 10px;\n\t\t\t\ttext-align: center;\n\t\t\t\twidth: 33%;\n\t\t\t}\n\t\t\t#gallery-1 img {\n\t\t\t\tborder: 2px solid #cfcfcf;\n\t\t\t}\n\t\t\t#gallery-1 .gallery-caption {\n\t\t\t\tmargin-left: 0;\n\t\t\t}\n\t\t\t\/* see gallery_shortcode() in wp-includes\/media.php *\/\n\t\t<\/style>\n\t\t<div id='gallery-1' class='gallery galleryid-1564 gallery-columns-3 gallery-size-thumbnail'><dl class='gallery-item'>\n\t\t\t<dt class='gallery-icon landscape'>\n\t\t\t\t<a href='https:\/\/www.sanlorenzomaggiore.com\/wp-content\/uploads\/2015\/11\/atrio.jpg'><img width=\"150\" height=\"150\" src=\"https:\/\/www.sanlorenzomaggiore.com\/wp-content\/uploads\/2015\/11\/atrio-150x150.jpg\" class=\"attachment-thumbnail size-thumbnail\" alt=\"L&#039;atrio della Cappella di Sant&#039;Aquilino\" loading=\"lazy\" aria-describedby=\"gallery-1-1566\" \/><\/a>\n\t\t\t<\/dt>\n\t\t\t\t<dd class='wp-caption-text gallery-caption' id='gallery-1-1566'>\n\t\t\t\tL&#8217;atrio della Cappella di Sant&#8217;Aquilino\n\t\t\t\t<\/dd><\/dl><dl class='gallery-item'>\n\t\t\t<dt class='gallery-icon landscape'>\n\t\t\t\t<a href='https:\/\/www.sanlorenzomaggiore.com\/wp-content\/uploads\/2015\/11\/interno.jpg'><img width=\"150\" height=\"150\" src=\"https:\/\/www.sanlorenzomaggiore.com\/wp-content\/uploads\/2015\/11\/interno-150x150.jpg\" class=\"attachment-thumbnail size-thumbnail\" alt=\"Interno della Cappella di Sant&#039;Aquilino\" loading=\"lazy\" aria-describedby=\"gallery-1-1567\" \/><\/a>\n\t\t\t<\/dt>\n\t\t\t\t<dd class='wp-caption-text gallery-caption' id='gallery-1-1567'>\n\t\t\t\tInterno della Cappella di Sant&#8217;Aquilino\n\t\t\t\t<\/dd><\/dl><dl class='gallery-item'>\n\t\t\t<dt class='gallery-icon landscape'>\n\t\t\t\t<a href='https:\/\/www.sanlorenzomaggiore.com\/wp-content\/uploads\/2015\/11\/interno2.jpg'><img width=\"150\" height=\"150\" src=\"https:\/\/www.sanlorenzomaggiore.com\/wp-content\/uploads\/2015\/11\/interno2-150x150.jpg\" class=\"attachment-thumbnail size-thumbnail\" alt=\"Interno della Cappella di Sant&#039;Aquilino\" loading=\"lazy\" aria-describedby=\"gallery-1-1568\" \/><\/a>\n\t\t\t<\/dt>\n\t\t\t\t<dd class='wp-caption-text gallery-caption' id='gallery-1-1568'>\n\t\t\t\tInterno della Cappella di Sant&#8217;Aquilino\n\t\t\t\t<\/dd><\/dl><br style=\"clear: both\" \/><dl class='gallery-item'>\n\t\t\t<dt class='gallery-icon landscape'>\n\t\t\t\t<a href='https:\/\/www.sanlorenzomaggiore.com\/wp-content\/uploads\/2015\/11\/passione.jpg'><img width=\"150\" height=\"150\" src=\"https:\/\/www.sanlorenzomaggiore.com\/wp-content\/uploads\/2015\/11\/passione-150x150.jpg\" class=\"attachment-thumbnail size-thumbnail\" alt=\"Anonimo lombardo del sec. XV, Scene della Passione di Cristo. Veduta d&#039;insieme.\" loading=\"lazy\" aria-describedby=\"gallery-1-1569\" \/><\/a>\n\t\t\t<\/dt>\n\t\t\t\t<dd class='wp-caption-text gallery-caption' id='gallery-1-1569'>\n\t\t\t\tAnonimo lombardo del sec. XV, Scene della Passione di Cristo. Veduta d&#8217;insieme.\n\t\t\t\t<\/dd><\/dl><dl class='gallery-item'>\n\t\t\t<dt class='gallery-icon landscape'>\n\t\t\t\t<a href='https:\/\/www.sanlorenzomaggiore.com\/wp-content\/uploads\/2015\/11\/passione2.jpg'><img width=\"150\" height=\"150\" src=\"https:\/\/www.sanlorenzomaggiore.com\/wp-content\/uploads\/2015\/11\/passione2-150x150.jpg\" class=\"attachment-thumbnail size-thumbnail\" alt=\"Anonimo lombardo del sec. XV, Scene della Passione di Cristo (dettaglio)\" loading=\"lazy\" aria-describedby=\"gallery-1-1570\" \/><\/a>\n\t\t\t<\/dt>\n\t\t\t\t<dd class='wp-caption-text gallery-caption' id='gallery-1-1570'>\n\t\t\t\tAnonimo lombardo del sec. XV, Scene della Passione di Cristo (dettaglio)\n\t\t\t\t<\/dd><\/dl><dl class='gallery-item'>\n\t\t\t<dt class='gallery-icon landscape'>\n\t\t\t\t<a href='https:\/\/www.sanlorenzomaggiore.com\/wp-content\/uploads\/2015\/11\/passione4.jpg'><img width=\"150\" height=\"150\" src=\"https:\/\/www.sanlorenzomaggiore.com\/wp-content\/uploads\/2015\/11\/passione4-150x150.jpg\" class=\"attachment-thumbnail size-thumbnail\" alt=\"Anonimo lombardo del sec. XV, Scene della Passione di Cristo (dettaglio)\" loading=\"lazy\" aria-describedby=\"gallery-1-1572\" \/><\/a>\n\t\t\t<\/dt>\n\t\t\t\t<dd class='wp-caption-text gallery-caption' id='gallery-1-1572'>\n\t\t\t\tAnonimo lombardo del sec. XV, Scene della Passione di Cristo (dettaglio)\n\t\t\t\t<\/dd><\/dl><br style=\"clear: both\" \/>\n\t\t<\/div>\n\n<hr class='dot'\/>\n<div class='message info'>\n<h3 class=\"module-title\"><span class=\"color\">SANT&#8217;AQUILINO<\/span> PROTETTORE DEI FACCHINI<\/h3>\n<p>Nato a Wurzburg, studi\u00f2 a Colonia dove fu consacrato sacerdote.<\/p>\n<p>Per non dover accettare la nomina a vescovo, fugg\u00ec a Parigi, dove si dedic\u00f2 all\u2019assistenza degli appestati (da qui l\u2019origine del suo culto come protettore della peste) e poi a Pavia e a Milano dove, per il suo impegno contro le eresie, fu ucciso con una coltellata alla gola dagli eretici nel 1015.<\/p>\n<p>Divenne il protettore dei facchini in quanto,\u00a0secondo la tradizione, alcuni di essi trovarono il cadavere e lo trasportarono in San Lorenzo dove fu sepolto nella cappella che porter\u00e0 il suo nome. Il primo documento su Sant\u2019Aquilino risale al 1465 quando \u00e8 approvata la confraternita, a lui intitolata.<\/p>\n<p><em>Nel 1581 fu proclamato compatrono della citt\u00e0 di Milano da San Carlo Borromeo<\/em>.<\/p>\n<p>Il 29 gennaio, festa di Sant\u2019Aquilino, i facchini si recavano alla Basilica di S. Lorenzo con i rappresentanti del Comune, ed il facchino pi\u00f9 anziano portava \u201cla baga\u201d la gerla contenente l\u2019olio per la lampada che arde dinnanzi all\u2019urna\u00a0del Santo.<\/p>\n<p>Recentemente la processione \u00e8 stata sostituita da una funzione religiosa all\u2019interno della Basilica.<\/p>\n<\/div>\n<hr class='dot'\/>\n<h3>APPROFONDIMENTI STORICI<\/h3>\n<ul class='sc_accordion'>\n<li><a href='#' class='sc_accordion-btn'>DATAZIONE<\/a><div class='sc_accordion-content'>\n<p>Le recenti indagini propongono di datare la cappella fra il 390 e il 430 in un momento di poco successivo rispetto al complesso centrale.<\/p>\n<p>L\u2019esame della piattaforma (si pu\u00f2 visitare: ingresso dietro l\u2019altare) venuta alla luce durante la campagna di scavi del 1911, ha evidenziato che:<\/p>\n<p>\u00e8 formata da materiale di reimpiego, proveniente in parte dalla demolizione del vicino anfiteatro.<\/p>\n<p>il progetto originale prevedeva l\u2019edificio aderente al corpo centrale ma, in corso d\u2019opera, venne modificato e fu inserito l\u2019atrio.<br \/>\nGli anni della costruzione, 390-430, fissati dagli studi archeometrici del 2000, corrispondono all\u2019epoca di Galla Placidia, sorella dell\u2019imperatore Onorio e madre di Valentiniano III.<\/p>\n<p>Viene rivalutata la tradizione di un sua committenza (Capella Reginae), riportata dalle antiche fonti medioevali milanesi.<\/p>\n<\/div><\/li>\n<li><a href='#' class='sc_accordion-btn'>MAUSOLEO O BATTISTERO?<\/a><div class='sc_accordion-content'>La pianta ottagonale dell\u2019edificio e le scene sacre a mosaico a noi pervenute sono aderenti al testo di Sant\u2019 Ambrogio, dettato per la costruzione del Battistero, visibile oggi sotto il Duomo, e pertanto furono considerate nel XX secolo prova sicura di un battistero, nonostante la mancanza di prove emerse dai documenti e dagli scavi.<\/p>\n<p class=\"box-content\">La pianta ottagonale (l\u20198 simbolo della resurrezione di Cristo) e l\u2019iconografia (l\u2019acqua simbolo della morte terrena e della rinascita in spirito) divennero tipici dei battisteri per volont\u00e0 di Sant\u2019Ambrogio che, come San Paolo, afferma il battesimo essere sia morte che resurrezione a immagine di Cristo.<\/p>\n<p>Ma il tema della morte terrena e della vita soprannaturale era svolto anche nella decorazione dei mausolei, e la sacralit\u00e0 del numero 8, sia pure con le spiegazioni pi\u00f9 varie, gi\u00e0 conosciuta dall\u2019antichit\u00e0 classica.<\/p>\n<p>La stretta somiglianza poi con il mausoleo di Valentiniano II (che si trovava dove \u00e8 oggi la chiesa di San Vittore al Corpo e noto da un disegno del 1570) rende pi\u00f9 credibile l\u2019ipotesi di un mausoleo imperiale.<\/p>\n<\/div><\/li>\n<li><a href='#' class='sc_accordion-btn'>L'ORIENTAMENTO DEL SOLE<\/a><div class='sc_accordion-content'>\n<p>Come nel mausoleo romano di Tor de Schiavi (inizio IV sec.), nel costruire Sant\u2019Aquilino fu studiato il percorso del sole in modo tale che, il giorno di Natale, i raggi entrino dalla finestra di Sud-Est, in corrispondenza del mosaico\u00a0con il carro del Cristo-Sole, e poi scendano verso il pavimento, indicando forse la posizione del sarcofago imperiale.<\/p>\n<p>A partire dal IV secolo, il culto del Sole, Sol Invictus, divino compagno ispiratore dell\u2019Imperatore,\u00a0che tutto pervade e a tutto da luce, si era fuso con il culto del nuovo Sole dispensatore di vita, Ges\u00f9.<\/p>\n<p>E\u2019 allora che il natale del Sole, solstizio d\u2019inverno, ed il natale di Ges\u00f9 cominciarono a coincidere.<\/p>\n<\/div><\/li>\n<\/ul>\n<hr\/>\n<h3>UN SALTO NELLA STORIA<\/h3>\n<div id=\"tab_id\" class=\"sc_tab-container\">\n<ul class=\"tab-nav left\">\n<li style=\"list-style-type: none;\">\n<ul class=\"tab-nav left\">\n<li class=\"active\" data-tab=\"tab_id-tab1\">1500 ANNI FA ENTRANDO IN SANT&#8217;AQUILINO<\/li>\n<\/ul>\n<\/li>\n<\/ul>\n<ul class=\"tab-nav left\">\n<li data-tab=\"tab_id-tab2\">SANT&#8217;AQUILINO DOPO IL V SECOLO<\/li>\n<\/ul>\n<div class=\"tab-content-block clearfix\">\n<h3 class=\"v_nav v_active\" data-tab=\"tab_id-tab1\">Tab 1<\/h3>\n<div id=\"tab_id-tab1\" class=\"tab_content clearfix\">Nell\u2019atrio, al di sopra di una ricca decorazione in lastre marmoree, i mosaici rappresentavano forse la Gerusalemme Celeste: in basso, i Patriarchi delle trib\u00f9 di Israele sullo sfondo di architetture, sopra, nelle pareti nord e sud, gli Apostoli sullo sfondo dorato e, nelle pareti est e ovest, i Martiri sullo sfondo del giardino del Paradiso. Di questi mosaici restano solo piccole parti.<\/p>\n<p>Un bellissimo portale di marmo, smontato da un edificio del I sec. e adattato al vano, scorciando le estremit\u00e0 inferiori (si pu\u00f2 vedere attraverso la grata nel pavimento) introduceva allora come oggi al sacello.<\/p>\n<p>Anche qui l\u2019opus sectile (lastre di pietre colorate) decorava la parte inferiore delle pareti, mentre i mosaici della cupola esaltavano Cristo, vincitore sulla morte, circondato da Apostoli e Profeti. Quanto rimaneva di queste decorazioni fu demolita nel \u2018600, probabilmente sia perch\u00e9 in cattivo stato sia perch\u00e9 i temi sacri rappresentati non erano pi\u00f9 vicini alla sensibilit\u00e0 religiosa della Controriforma, ma ci sono pervenuti attraverso gli schizzi di un viaggiatore inglese.<\/p>\n<p>Restano i mosaici di due lunette. In quella di destra, un Cristo giovane e imberbe (secondo l\u2019iconografia del IV secolo), seduto su una roccia, attende i giusti alla fine dei tempi, circondato dagli Apostoli. Ai loro piedi scorrono due corsi d\u2019acqua, simboli del Paradiso, cos\u00ec come lo \u00e8 lo sfondo dorato (primo esempio noto nell\u2019arte occidentale).<\/p>\n<p>Nella lunetta di sinistra, la quadriga di Cristo, il \u201cvero Sole\u201d, vittorioso sulla morte, rischiara la terra, un paesaggio che \u00e8 in realt\u00e0 l\u2019Arcadia, tema tipico dell\u2019arte funeraria romana e fatto proprio dai cristiani.<\/p>\n<p>In alto, i matronei erano affrescati con motivi geometrici e inserti di animali.<\/p>\n<\/div>\n<h3 class=\"v_nav\" data-tab=\"tab_id-tab2\">Tab 2<\/h3>\n<div id=\"tab_id-tab2\" class=\"tab_content\">\n<p>Nei secoli successivi la struttura del Mausoleo rimase integra mentre la volta a botte dell\u2019atrio fu ricostruita nell\u2019XI secolo ad un livello pi\u00f9 alto della precedente, probabilmente in seguito ad un crollo.<\/p>\n<p>I primi documenti conosciuti risalgono alla fine del XI secolo per l\u2019ottagono, quando viene ricordata come cappella intitolata a San Genesio e, per l\u2019atrio, all\u2019inizio del XII secolo, quando \u00e8 cappella dedicata a Maria Addolorata.<\/p>\n<p>Gli affreschi trecenteschi e dei secoli successivi, emersi con i restauri del XX secolo, testimoniano le trasformazione subite nel tempo.<\/p>\n<p>Nel Cinquecento, si svilupp\u00f2 il culto per Sant\u2019Aquilino, la cui sepoltura era nella cappella di San Genesio.<\/p>\n<p>Nel 1581 San Carlo Borromeo fece sfondare una nicchia dell\u2019ottagono per una nuova cappella dove porre la tomba: i lavori si conclusero solo nel secolo successivo quando il il corpo del Santo fu traslato sull\u2019altare in un\u2019urna in cristallo ed argento, su disegno di Carlo Garavaglia.<\/p>\n<p>Nel 1936-43, furono demolite tutte le decorazioni cinque-seicentesche e riportati alla luce i resti dei mosaici e\u00a0le decorazioni del V secolo, gli affreschi trecenteschi e quattrocenteschi.<\/p>\n<\/div>\n<\/div>\n<\/div>\n<hr\/>\n<h3>GALLERIE FOTOGRAFICHE<\/h3>\n<ul class='sc_accordion'>\n<li><a href='#' class='sc_accordion-btn active'>IL PORTALE DI SANT'AQUILINO<\/a><div class='sc_accordion-content active'>\n<p>Il portale antico-romano che si trova fra l&#8217;ambiente d&#8217;ingresso e la Cappella di sant&#8217;Aquilino della Basilica di San Lorenzo Maggiore a Milano \u00e8 un manufatto spogliato da un altro monumento antico (ignoto), e qui riutilizzato al momento di costruire la basilica nel sec. IV d.C.<\/p>\n\n\t\t<style type=\"text\/css\">\n\t\t\t#gallery-2 {\n\t\t\t\tmargin: auto;\n\t\t\t}\n\t\t\t#gallery-2 .gallery-item {\n\t\t\t\tfloat: left;\n\t\t\t\tmargin-top: 10px;\n\t\t\t\ttext-align: center;\n\t\t\t\twidth: 25%;\n\t\t\t}\n\t\t\t#gallery-2 img {\n\t\t\t\tborder: 2px solid #cfcfcf;\n\t\t\t}\n\t\t\t#gallery-2 .gallery-caption {\n\t\t\t\tmargin-left: 0;\n\t\t\t}\n\t\t\t\/* see gallery_shortcode() in wp-includes\/media.php *\/\n\t\t<\/style>\n\t\t<div id='gallery-2' class='gallery galleryid-1564 gallery-columns-4 gallery-size-thumbnail'><dl class='gallery-item'>\n\t\t\t<dt class='gallery-icon portrait'>\n\t\t\t\t<a href='https:\/\/www.sanlorenzomaggiore.com\/wp-content\/uploads\/2015\/11\/portale1_big.jpg'><img width=\"150\" height=\"150\" src=\"https:\/\/www.sanlorenzomaggiore.com\/wp-content\/uploads\/2015\/11\/portale1_big-150x150.jpg\" class=\"attachment-thumbnail size-thumbnail\" alt=\"Il portale antico-romano che si trova fra l&#039;ambiente d&#039;ingresso e la Cappella di sant&#039;Aquilino della Basilica di San Lorenzo Maggiore a Milano \u00e8 un manufatto spogliato da un altro monumento antico (ignoto), e qui riutilizzato al momento di costruire la basilica nel sec. IV d.C.\" loading=\"lazy\" \/><\/a>\n\t\t\t<\/dt><\/dl><dl class='gallery-item'>\n\t\t\t<dt class='gallery-icon portrait'>\n\t\t\t\t<a href='https:\/\/www.sanlorenzomaggiore.com\/wp-content\/uploads\/2015\/11\/portale2_big.jpg'><img width=\"150\" height=\"150\" src=\"https:\/\/www.sanlorenzomaggiore.com\/wp-content\/uploads\/2015\/11\/portale2_big-150x150.jpg\" class=\"attachment-thumbnail size-thumbnail\" alt=\"Il portale antico-romano che si trova fra l&#039;ambiente d&#039;ingresso e la Cappella di sant&#039;Aquilino della Basilica di San Lorenzo Maggiore a Milano \u00e8 un manufatto spogliato da un altro monumento antico (ignoto), e qui riutilizzato al momento di costruire la basilica nel sec. IV d.C.\" loading=\"lazy\" \/><\/a>\n\t\t\t<\/dt><\/dl><dl class='gallery-item'>\n\t\t\t<dt class='gallery-icon portrait'>\n\t\t\t\t<a href='https:\/\/www.sanlorenzomaggiore.com\/wp-content\/uploads\/2015\/11\/portale3_big.jpg'><img width=\"150\" height=\"150\" src=\"https:\/\/www.sanlorenzomaggiore.com\/wp-content\/uploads\/2015\/11\/portale3_big-150x150.jpg\" class=\"attachment-thumbnail size-thumbnail\" alt=\"Il portale antico-romano che si trova fra l&#039;ambiente d&#039;ingresso e la Cappella di sant&#039;Aquilino della Basilica di San Lorenzo Maggiore a Milano \u00e8 un manufatto spogliato da un altro monumento antico (ignoto), e qui riutilizzato al momento di costruire la basilica nel sec. IV d.C.\" loading=\"lazy\" \/><\/a>\n\t\t\t<\/dt><\/dl><dl class='gallery-item'>\n\t\t\t<dt class='gallery-icon portrait'>\n\t\t\t\t<a href='https:\/\/www.sanlorenzomaggiore.com\/wp-content\/uploads\/2015\/11\/portale4_big.jpg'><img width=\"150\" height=\"150\" src=\"https:\/\/www.sanlorenzomaggiore.com\/wp-content\/uploads\/2015\/11\/portale4_big-150x150.jpg\" class=\"attachment-thumbnail size-thumbnail\" alt=\"Il portale antico-romano che si trova fra l&#039;ambiente d&#039;ingresso e la Cappella di sant&#039;Aquilino della Basilica di San Lorenzo Maggiore a Milano \u00e8 un manufatto spogliato da un altro monumento antico (ignoto), e qui riutilizzato al momento di costruire la basilica nel sec. IV d.C.\" loading=\"lazy\" \/><\/a>\n\t\t\t<\/dt><\/dl><br style=\"clear: both\" \/>\n\t\t<\/div>\n\n<\/div><\/li>\n<li><a href='#' class='sc_accordion-btn'>I MOSAICI PALEOCRISTIANI<\/a><div class='sc_accordion-content'>\n\n\t\t<style type=\"text\/css\">\n\t\t\t#gallery-3 {\n\t\t\t\tmargin: auto;\n\t\t\t}\n\t\t\t#gallery-3 .gallery-item {\n\t\t\t\tfloat: left;\n\t\t\t\tmargin-top: 10px;\n\t\t\t\ttext-align: center;\n\t\t\t\twidth: 33%;\n\t\t\t}\n\t\t\t#gallery-3 img {\n\t\t\t\tborder: 2px solid #cfcfcf;\n\t\t\t}\n\t\t\t#gallery-3 .gallery-caption {\n\t\t\t\tmargin-left: 0;\n\t\t\t}\n\t\t\t\/* see gallery_shortcode() in wp-includes\/media.php *\/\n\t\t<\/style>\n\t\t<div id='gallery-3' class='gallery galleryid-1564 gallery-columns-3 gallery-size-thumbnail'><dl class='gallery-item'>\n\t\t\t<dt class='gallery-icon portrait'>\n\t\t\t\t<a href='https:\/\/www.sanlorenzomaggiore.com\/wp-content\/uploads\/2015\/11\/mosaici1_big.jpg'><img width=\"150\" height=\"150\" src=\"https:\/\/www.sanlorenzomaggiore.com\/wp-content\/uploads\/2015\/11\/mosaici1_big-150x150.jpg\" class=\"attachment-thumbnail size-thumbnail\" alt=\"I mosaici paleocristiani di Sant&#039;Aquilino\" loading=\"lazy\" \/><\/a>\n\t\t\t<\/dt><\/dl><dl class='gallery-item'>\n\t\t\t<dt class='gallery-icon landscape'>\n\t\t\t\t<a href='https:\/\/www.sanlorenzomaggiore.com\/wp-content\/uploads\/2015\/11\/mosaici2_big.jpg'><img width=\"150\" height=\"150\" src=\"https:\/\/www.sanlorenzomaggiore.com\/wp-content\/uploads\/2015\/11\/mosaici2_big-150x150.jpg\" class=\"attachment-thumbnail size-thumbnail\" alt=\"I mosaici paleocristiani di Sant&#039;Aquilino\" loading=\"lazy\" \/><\/a>\n\t\t\t<\/dt><\/dl><dl class='gallery-item'>\n\t\t\t<dt class='gallery-icon landscape'>\n\t\t\t\t<a href='https:\/\/www.sanlorenzomaggiore.com\/wp-content\/uploads\/2015\/11\/mosaici4_big.jpg'><img width=\"150\" height=\"150\" src=\"https:\/\/www.sanlorenzomaggiore.com\/wp-content\/uploads\/2015\/11\/mosaici4_big-150x150.jpg\" class=\"attachment-thumbnail size-thumbnail\" alt=\"I mosaici paleocristiani di Sant&#039;Aquilino\" loading=\"lazy\" \/><\/a>\n\t\t\t<\/dt><\/dl><br style=\"clear: both\" \/><dl class='gallery-item'>\n\t\t\t<dt class='gallery-icon landscape'>\n\t\t\t\t<a href='https:\/\/www.sanlorenzomaggiore.com\/wp-content\/uploads\/2015\/11\/mosaici5_big.jpg'><img width=\"150\" height=\"150\" src=\"https:\/\/www.sanlorenzomaggiore.com\/wp-content\/uploads\/2015\/11\/mosaici5_big-150x150.jpg\" class=\"attachment-thumbnail size-thumbnail\" alt=\"I mosaici paleocristiani di Sant&#039;Aquilino\" loading=\"lazy\" \/><\/a>\n\t\t\t<\/dt><\/dl><dl class='gallery-item'>\n\t\t\t<dt class='gallery-icon landscape'>\n\t\t\t\t<a href='https:\/\/www.sanlorenzomaggiore.com\/wp-content\/uploads\/2015\/11\/mosaici6_big.jpg'><img width=\"150\" height=\"150\" src=\"https:\/\/www.sanlorenzomaggiore.com\/wp-content\/uploads\/2015\/11\/mosaici6_big-150x150.jpg\" class=\"attachment-thumbnail size-thumbnail\" alt=\"I mosaici paleocristiani di Sant&#039;Aquilino\" loading=\"lazy\" \/><\/a>\n\t\t\t<\/dt><\/dl><dl class='gallery-item'>\n\t\t\t<dt class='gallery-icon landscape'>\n\t\t\t\t<a href='https:\/\/www.sanlorenzomaggiore.com\/wp-content\/uploads\/2015\/11\/mosaici7_big.jpg'><img width=\"150\" height=\"150\" src=\"https:\/\/www.sanlorenzomaggiore.com\/wp-content\/uploads\/2015\/11\/mosaici7_big-150x150.jpg\" class=\"attachment-thumbnail size-thumbnail\" alt=\"I mosaici paleocristiani di Sant&#039;Aquilino\" loading=\"lazy\" \/><\/a>\n\t\t\t<\/dt><\/dl><br style=\"clear: both\" \/>\n\t\t<\/div>\n\n<\/div><\/li>\n<li><a href='#' class='sc_accordion-btn'>L'ALTARE<\/a><div class='sc_accordion-content'>\n\n\t\t<style type=\"text\/css\">\n\t\t\t#gallery-4 {\n\t\t\t\tmargin: auto;\n\t\t\t}\n\t\t\t#gallery-4 .gallery-item {\n\t\t\t\tfloat: left;\n\t\t\t\tmargin-top: 10px;\n\t\t\t\ttext-align: center;\n\t\t\t\twidth: 33%;\n\t\t\t}\n\t\t\t#gallery-4 img {\n\t\t\t\tborder: 2px solid #cfcfcf;\n\t\t\t}\n\t\t\t#gallery-4 .gallery-caption {\n\t\t\t\tmargin-left: 0;\n\t\t\t}\n\t\t\t\/* see gallery_shortcode() in wp-includes\/media.php *\/\n\t\t<\/style>\n\t\t<div id='gallery-4' class='gallery galleryid-1564 gallery-columns-3 gallery-size-thumbnail'><dl class='gallery-item'>\n\t\t\t<dt class='gallery-icon landscape'>\n\t\t\t\t<a href='https:\/\/www.sanlorenzomaggiore.com\/wp-content\/uploads\/2015\/11\/affresco1_big.jpg'><img width=\"150\" height=\"150\" src=\"https:\/\/www.sanlorenzomaggiore.com\/wp-content\/uploads\/2015\/11\/affresco1_big-150x150.jpg\" class=\"attachment-thumbnail size-thumbnail\" alt=\"L&#039;altare della Cappella di Sant&#039;Aquilino: L&#039;ambiente, con al centro l&#039;arca secentesca in argento.\" loading=\"lazy\" \/><\/a>\n\t\t\t<\/dt><\/dl><dl class='gallery-item'>\n\t\t\t<dt class='gallery-icon landscape'>\n\t\t\t\t<a href='https:\/\/www.sanlorenzomaggiore.com\/wp-content\/uploads\/2015\/11\/altare1_big.jpg'><img width=\"150\" height=\"150\" src=\"https:\/\/www.sanlorenzomaggiore.com\/wp-content\/uploads\/2015\/11\/altare1_big-150x150.jpg\" class=\"attachment-thumbnail size-thumbnail\" alt=\"L&#039;altare della Cappella di Sant&#039;Aquilino: L&#039;ambiente, con al centro l&#039;arca secentesca in argento.\" loading=\"lazy\" \/><\/a>\n\t\t\t<\/dt><\/dl><dl class='gallery-item'>\n\t\t\t<dt class='gallery-icon landscape'>\n\t\t\t\t<a href='https:\/\/www.sanlorenzomaggiore.com\/wp-content\/uploads\/2015\/11\/altare3_big.jpg'><img width=\"150\" height=\"150\" src=\"https:\/\/www.sanlorenzomaggiore.com\/wp-content\/uploads\/2015\/11\/altare3_big-150x150.jpg\" class=\"attachment-thumbnail size-thumbnail\" alt=\"L&#039;altare della Cappella di Sant&#039;Aquilino: L&#039;ambiente, con al centro l&#039;arca secentesca in argento.\" loading=\"lazy\" \/><\/a>\n\t\t\t<\/dt><\/dl><br style=\"clear: both\" \/><dl class='gallery-item'>\n\t\t\t<dt class='gallery-icon portrait'>\n\t\t\t\t<a href='https:\/\/www.sanlorenzomaggiore.com\/wp-content\/uploads\/2015\/11\/cherubino1_big.jpg'><img width=\"150\" height=\"150\" src=\"https:\/\/www.sanlorenzomaggiore.com\/wp-content\/uploads\/2015\/11\/cherubino1_big-150x150.jpg\" class=\"attachment-thumbnail size-thumbnail\" alt=\"L&#039;altare della Cappella di Sant&#039;Aquilino: L&#039;ambiente, con al centro l&#039;arca secentesca in argento.\" loading=\"lazy\" \/><\/a>\n\t\t\t<\/dt><\/dl><dl class='gallery-item'>\n\t\t\t<dt class='gallery-icon portrait'>\n\t\t\t\t<a href='https:\/\/www.sanlorenzomaggiore.com\/wp-content\/uploads\/2015\/11\/cherubino2_big.jpg'><img width=\"150\" height=\"150\" src=\"https:\/\/www.sanlorenzomaggiore.com\/wp-content\/uploads\/2015\/11\/cherubino2_big-150x150.jpg\" class=\"attachment-thumbnail size-thumbnail\" alt=\"L&#039;altare della Cappella di Sant&#039;Aquilino: L&#039;ambiente, con al centro l&#039;arca secentesca in argento.\" loading=\"lazy\" \/><\/a>\n\t\t\t<\/dt><\/dl><dl class='gallery-item'>\n\t\t\t<dt class='gallery-icon landscape'>\n\t\t\t\t<a href='https:\/\/www.sanlorenzomaggiore.com\/wp-content\/uploads\/2015\/11\/lapide1_big.jpg'><img width=\"150\" height=\"150\" src=\"https:\/\/www.sanlorenzomaggiore.com\/wp-content\/uploads\/2015\/11\/lapide1_big-150x150.jpg\" class=\"attachment-thumbnail size-thumbnail\" alt=\"L&#039;altare della Cappella di Sant&#039;Aquilino: L&#039;ambiente, con al centro l&#039;arca secentesca in argento.\" loading=\"lazy\" \/><\/a>\n\t\t\t<\/dt><\/dl><br style=\"clear: both\" \/>\n\t\t<\/div>\n\n<\/div><\/li>\n<li><a href='#' class='sc_accordion-btn'>IL SOFFITTO DELLE CAPPELLETTA DELL'ALTARE<\/a><div class='sc_accordion-content'>\n\n\t\t<style type=\"text\/css\">\n\t\t\t#gallery-5 {\n\t\t\t\tmargin: auto;\n\t\t\t}\n\t\t\t#gallery-5 .gallery-item {\n\t\t\t\tfloat: left;\n\t\t\t\tmargin-top: 10px;\n\t\t\t\ttext-align: center;\n\t\t\t\twidth: 20%;\n\t\t\t}\n\t\t\t#gallery-5 img {\n\t\t\t\tborder: 2px solid #cfcfcf;\n\t\t\t}\n\t\t\t#gallery-5 .gallery-caption {\n\t\t\t\tmargin-left: 0;\n\t\t\t}\n\t\t\t\/* see gallery_shortcode() in wp-includes\/media.php *\/\n\t\t<\/style>\n\t\t<div id='gallery-5' class='gallery galleryid-1564 gallery-columns-5 gallery-size-thumbnail'><dl class='gallery-item'>\n\t\t\t<dt class='gallery-icon portrait'>\n\t\t\t\t<a href='https:\/\/www.sanlorenzomaggiore.com\/wp-content\/uploads\/2015\/11\/agostino_big.jpg'><img width=\"150\" height=\"150\" src=\"https:\/\/www.sanlorenzomaggiore.com\/wp-content\/uploads\/2015\/11\/agostino_big-150x150.jpg\" class=\"attachment-thumbnail size-thumbnail\" alt=\"Affreschi manieristi di Carlo Urbino sul soffitto della cappella dell&#039;altare\" loading=\"lazy\" \/><\/a>\n\t\t\t<\/dt><\/dl><dl class='gallery-item'>\n\t\t\t<dt class='gallery-icon portrait'>\n\t\t\t\t<a href='https:\/\/www.sanlorenzomaggiore.com\/wp-content\/uploads\/2015\/11\/ambrogio_big.jpg'><img width=\"150\" height=\"150\" src=\"https:\/\/www.sanlorenzomaggiore.com\/wp-content\/uploads\/2015\/11\/ambrogio_big-150x150.jpg\" class=\"attachment-thumbnail size-thumbnail\" alt=\"Affreschi manieristi di Carlo Urbino sul soffitto della cappella dell&#039;altare\" loading=\"lazy\" \/><\/a>\n\t\t\t<\/dt><\/dl><dl class='gallery-item'>\n\t\t\t<dt class='gallery-icon portrait'>\n\t\t\t\t<a href='https:\/\/www.sanlorenzomaggiore.com\/wp-content\/uploads\/2015\/11\/leone_big.jpg'><img width=\"150\" height=\"150\" src=\"https:\/\/www.sanlorenzomaggiore.com\/wp-content\/uploads\/2015\/11\/leone_big-150x150.jpg\" class=\"attachment-thumbnail size-thumbnail\" alt=\"Affreschi manieristi di Carlo Urbino sul soffitto della cappella dell&#039;altare\" loading=\"lazy\" \/><\/a>\n\t\t\t<\/dt><\/dl><dl class='gallery-item'>\n\t\t\t<dt class='gallery-icon portrait'>\n\t\t\t\t<a href='https:\/\/www.sanlorenzomaggiore.com\/wp-content\/uploads\/2015\/11\/luca_big.jpg'><img width=\"150\" height=\"150\" src=\"https:\/\/www.sanlorenzomaggiore.com\/wp-content\/uploads\/2015\/11\/luca_big-150x150.jpg\" class=\"attachment-thumbnail size-thumbnail\" alt=\"Affreschi manieristi di Carlo Urbino sul soffitto della cappella dell&#039;altare\" loading=\"lazy\" \/><\/a>\n\t\t\t<\/dt><\/dl><dl class='gallery-item'>\n\t\t\t<dt class='gallery-icon portrait'>\n\t\t\t\t<a href='https:\/\/www.sanlorenzomaggiore.com\/wp-content\/uploads\/2015\/11\/marco_big.jpg'><img width=\"150\" height=\"150\" src=\"https:\/\/www.sanlorenzomaggiore.com\/wp-content\/uploads\/2015\/11\/marco_big-150x150.jpg\" class=\"attachment-thumbnail size-thumbnail\" alt=\"Affreschi manieristi di Carlo Urbino sul soffitto della cappella dell&#039;altare\" loading=\"lazy\" \/><\/a>\n\t\t\t<\/dt><\/dl><br style=\"clear: both\" \/><dl class='gallery-item'>\n\t\t\t<dt class='gallery-icon portrait'>\n\t\t\t\t<a href='https:\/\/www.sanlorenzomaggiore.com\/wp-content\/uploads\/2015\/11\/matteo_big.jpg'><img width=\"150\" height=\"150\" src=\"https:\/\/www.sanlorenzomaggiore.com\/wp-content\/uploads\/2015\/11\/matteo_big-150x150.jpg\" class=\"attachment-thumbnail size-thumbnail\" alt=\"Affreschi manieristi di Carlo Urbino sul soffitto della cappella dell&#039;altare\" loading=\"lazy\" \/><\/a>\n\t\t\t<\/dt><\/dl><dl class='gallery-item'>\n\t\t\t<dt class='gallery-icon portrait'>\n\t\t\t\t<a href='https:\/\/www.sanlorenzomaggiore.com\/wp-content\/uploads\/2015\/11\/sangiovanni_big.jpg'><img width=\"150\" height=\"150\" src=\"https:\/\/www.sanlorenzomaggiore.com\/wp-content\/uploads\/2015\/11\/sangiovanni_big-150x150.jpg\" class=\"attachment-thumbnail size-thumbnail\" alt=\"Affreschi manieristi di Carlo Urbino sul soffitto della cappella dell&#039;altare\" loading=\"lazy\" \/><\/a>\n\t\t\t<\/dt><\/dl><dl class='gallery-item'>\n\t\t\t<dt class='gallery-icon portrait'>\n\t\t\t\t<a href='https:\/\/www.sanlorenzomaggiore.com\/wp-content\/uploads\/2015\/11\/sangirolamo_big.jpg'><img width=\"150\" height=\"150\" src=\"https:\/\/www.sanlorenzomaggiore.com\/wp-content\/uploads\/2015\/11\/sangirolamo_big-150x150.jpg\" class=\"attachment-thumbnail size-thumbnail\" alt=\"Affreschi manieristi di Carlo Urbino sul soffitto della cappella dell&#039;altare\" loading=\"lazy\" \/><\/a>\n\t\t\t<\/dt><\/dl><dl class='gallery-item'>\n\t\t\t<dt class='gallery-icon landscape'>\n\t\t\t\t<a href='https:\/\/www.sanlorenzomaggiore.com\/wp-content\/uploads\/2015\/11\/soffitto1_big.jpg'><img width=\"150\" height=\"150\" src=\"https:\/\/www.sanlorenzomaggiore.com\/wp-content\/uploads\/2015\/11\/soffitto1_big-150x150.jpg\" class=\"attachment-thumbnail size-thumbnail\" alt=\"Affreschi manieristi di Carlo Urbino sul soffitto della cappella dell&#039;altare\" loading=\"lazy\" \/><\/a>\n\t\t\t<\/dt><\/dl><dl class='gallery-item'>\n\t\t\t<dt class='gallery-icon landscape'>\n\t\t\t\t<a href='https:\/\/www.sanlorenzomaggiore.com\/wp-content\/uploads\/2015\/11\/soffitto2_big.jpg'><img width=\"150\" height=\"150\" src=\"https:\/\/www.sanlorenzomaggiore.com\/wp-content\/uploads\/2015\/11\/soffitto2_big-150x150.jpg\" class=\"attachment-thumbnail size-thumbnail\" alt=\"Affreschi manieristi di Carlo Urbino sul soffitto della cappella dell&#039;altare\" loading=\"lazy\" \/><\/a>\n\t\t\t<\/dt><\/dl><br style=\"clear: both\" \/>\n\t\t<\/div>\n\n<\/div><\/li>\n<li><a href='#' class='sc_accordion-btn'>LE FONDAMENTA<\/a><div class='sc_accordion-content'>\n\n\t\t<style type=\"text\/css\">\n\t\t\t#gallery-6 {\n\t\t\t\tmargin: auto;\n\t\t\t}\n\t\t\t#gallery-6 .gallery-item {\n\t\t\t\tfloat: left;\n\t\t\t\tmargin-top: 10px;\n\t\t\t\ttext-align: center;\n\t\t\t\twidth: 33%;\n\t\t\t}\n\t\t\t#gallery-6 img {\n\t\t\t\tborder: 2px solid #cfcfcf;\n\t\t\t}\n\t\t\t#gallery-6 .gallery-caption {\n\t\t\t\tmargin-left: 0;\n\t\t\t}\n\t\t\t\/* see gallery_shortcode() in wp-includes\/media.php *\/\n\t\t<\/style>\n\t\t<div id='gallery-6' class='gallery galleryid-1564 gallery-columns-3 gallery-size-thumbnail'><dl class='gallery-item'>\n\t\t\t<dt class='gallery-icon landscape'>\n\t\t\t\t<a href='https:\/\/www.sanlorenzomaggiore.com\/wp-content\/uploads\/2015\/11\/fondamenta1_big.jpg'><img width=\"150\" height=\"150\" src=\"https:\/\/www.sanlorenzomaggiore.com\/wp-content\/uploads\/2015\/11\/fondamenta1_big-150x150.jpg\" class=\"attachment-thumbnail size-thumbnail\" alt=\"Le fondamenta paleocristiane visitabili al disotto della Cappella, costruite usando blocchi di pietra ottenuti demolendo, gi\u00e0 in epoca tardoromana, il vicino Anfiteatro.\" loading=\"lazy\" \/><\/a>\n\t\t\t<\/dt><\/dl><dl class='gallery-item'>\n\t\t\t<dt class='gallery-icon landscape'>\n\t\t\t\t<a href='https:\/\/www.sanlorenzomaggiore.com\/wp-content\/uploads\/2015\/11\/fondamenta2_big.jpg'><img width=\"150\" height=\"150\" src=\"https:\/\/www.sanlorenzomaggiore.com\/wp-content\/uploads\/2015\/11\/fondamenta2_big-150x150.jpg\" class=\"attachment-thumbnail size-thumbnail\" alt=\"Le fondamenta paleocristiane visitabili al disotto della Cappella, costruite usando blocchi di pietra ottenuti demolendo, gi\u00e0 in epoca tardoromana, il vicino Anfiteatro.\" loading=\"lazy\" \/><\/a>\n\t\t\t<\/dt><\/dl><dl class='gallery-item'>\n\t\t\t<dt class='gallery-icon landscape'>\n\t\t\t\t<a href='https:\/\/www.sanlorenzomaggiore.com\/wp-content\/uploads\/2015\/11\/fondamenta3_big.jpg'><img width=\"150\" height=\"150\" src=\"https:\/\/www.sanlorenzomaggiore.com\/wp-content\/uploads\/2015\/11\/fondamenta3_big-150x150.jpg\" class=\"attachment-thumbnail size-thumbnail\" alt=\"Le fondamenta paleocristiane visitabili al disotto della Cappella, costruite usando blocchi di pietra ottenuti demolendo, gi\u00e0 in epoca tardoromana, il vicino Anfiteatro.\" loading=\"lazy\" \/><\/a>\n\t\t\t<\/dt><\/dl><br style=\"clear: both\" \/>\n\t\t<\/div>\n\n<\/div><\/li>\n<li><a href='#' class='sc_accordion-btn'>IL FONDAMENTO PALEOCRISTIANO E L'URNA DEL SANTO<\/a><div class='sc_accordion-content'>\n\n\t\t<style type=\"text\/css\">\n\t\t\t#gallery-7 {\n\t\t\t\tmargin: auto;\n\t\t\t}\n\t\t\t#gallery-7 .gallery-item {\n\t\t\t\tfloat: left;\n\t\t\t\tmargin-top: 10px;\n\t\t\t\ttext-align: center;\n\t\t\t\twidth: 25%;\n\t\t\t}\n\t\t\t#gallery-7 img {\n\t\t\t\tborder: 2px solid #cfcfcf;\n\t\t\t}\n\t\t\t#gallery-7 .gallery-caption {\n\t\t\t\tmargin-left: 0;\n\t\t\t}\n\t\t\t\/* see gallery_shortcode() in wp-includes\/media.php *\/\n\t\t<\/style>\n\t\t<div id='gallery-7' class='gallery galleryid-1564 gallery-columns-4 gallery-size-thumbnail'><dl class='gallery-item'>\n\t\t\t<dt class='gallery-icon landscape'>\n\t\t\t\t<a href='https:\/\/www.sanlorenzomaggiore.com\/wp-content\/uploads\/2015\/11\/sarcofago1_big.jpg'><img width=\"150\" height=\"150\" src=\"https:\/\/www.sanlorenzomaggiore.com\/wp-content\/uploads\/2015\/11\/sarcofago1_big-150x150.jpg\" class=\"attachment-thumbnail size-thumbnail\" alt=\"Sarcofago paleocristiano del sec. III d.C. e l&#039;Urna di Sant&#039;Aquilino\" loading=\"lazy\" \/><\/a>\n\t\t\t<\/dt><\/dl><dl class='gallery-item'>\n\t\t\t<dt class='gallery-icon landscape'>\n\t\t\t\t<a href='https:\/\/www.sanlorenzomaggiore.com\/wp-content\/uploads\/2015\/11\/urna1.jpg'><img width=\"150\" height=\"150\" src=\"https:\/\/www.sanlorenzomaggiore.com\/wp-content\/uploads\/2015\/11\/urna1-150x150.jpg\" class=\"attachment-thumbnail size-thumbnail\" alt=\"Sarcofago paleocristiano del sec. III d.C. e l&#039;Urna di Sant&#039;Aquilino\" loading=\"lazy\" \/><\/a>\n\t\t\t<\/dt><\/dl><dl class='gallery-item'>\n\t\t\t<dt class='gallery-icon landscape'>\n\t\t\t\t<a href='https:\/\/www.sanlorenzomaggiore.com\/wp-content\/uploads\/2015\/11\/urna2.jpg'><img width=\"150\" height=\"150\" src=\"https:\/\/www.sanlorenzomaggiore.com\/wp-content\/uploads\/2015\/11\/urna2-150x150.jpg\" class=\"attachment-thumbnail size-thumbnail\" alt=\"Sarcofago paleocristiano del sec. III d.C. e l&#039;Urna di Sant&#039;Aquilino\" loading=\"lazy\" \/><\/a>\n\t\t\t<\/dt><\/dl><dl class='gallery-item'>\n\t\t\t<dt class='gallery-icon landscape'>\n\t\t\t\t<a href='https:\/\/www.sanlorenzomaggiore.com\/wp-content\/uploads\/2015\/11\/urna3.jpg'><img width=\"150\" height=\"150\" src=\"https:\/\/www.sanlorenzomaggiore.com\/wp-content\/uploads\/2015\/11\/urna3-150x150.jpg\" class=\"attachment-thumbnail size-thumbnail\" alt=\"Sarcofago paleocristiano del sec. III d.C. e l&#039;Urna di Sant&#039;Aquilino\" loading=\"lazy\" \/><\/a>\n\t\t\t<\/dt><\/dl><br style=\"clear: both\" \/>\n\t\t<\/div>\n\n<\/div><\/li>\n<\/ul>\n","protected":false},"excerpt":{"rendered":"<p>Attraverso un atrio a forcipe (una sala quadrata con due pareti absidate) si entra nell\u2019edificio ottagonale all\u2019esterno e articolato all\u2019interno da nicchie semicircolari e rettangolari. La cupola originale, che ha circa 1600 anni, \u00e8 perfettamente emisferica e ha forma ad ombrello: le nervature sono costituite da tubi fittili, cio\u00e8 di terracotta, che si inseriscono uno [&hellip;]<\/p>\n","protected":false},"author":3,"featured_media":0,"comment_status":"open","ping_status":"open","sticky":false,"template":"","format":"standard","meta":[],"categories":[44,35],"tags":[],"yoast_head":"<!-- This site is optimized with the Yoast SEO plugin v15.4 - https:\/\/yoast.com\/wordpress\/plugins\/seo\/ -->\n<title>Cappella Sant&#039;Aquilino parte del complesso monumentale di San Lorenzo<\/title>\n<meta name=\"description\" content=\"Cappella di Sant\u2019Aquilino parte del complesso monumentale di San Lorenzo che ha conservato per intero la struttura originale. Attraverso un atrio a\" \/>\n<meta name=\"robots\" content=\"index, follow, max-snippet:-1, max-image-preview:large, max-video-preview:-1\" \/>\n<link rel=\"canonical\" href=\"http:\/\/www.sanlorenzomaggiore.com\/index.php\/2020\/02\/19\/cappella-sant-aquilino\/\" \/>\n<meta property=\"og:locale\" content=\"it_IT\" \/>\n<meta property=\"og:type\" content=\"article\" \/>\n<meta property=\"og:title\" content=\"Cappella Sant&#039;Aquilino parte del complesso monumentale di San Lorenzo\" \/>\n<meta property=\"og:description\" content=\"Cappella di Sant\u2019Aquilino parte del complesso monumentale di San Lorenzo che ha conservato per intero la struttura originale. Attraverso un atrio a\" \/>\n<meta property=\"og:url\" content=\"http:\/\/www.sanlorenzomaggiore.com\/index.php\/2020\/02\/19\/cappella-sant-aquilino\/\" \/>\n<meta property=\"og:site_name\" content=\"Basilica San Lorenzo Maggiore\" \/>\n<meta property=\"article:published_time\" content=\"2020-02-19T10:35:00+00:00\" \/>\n<meta property=\"article:modified_time\" content=\"2021-03-09T13:15:05+00:00\" \/>\n<meta property=\"og:image\" content=\"http:\/\/www.sanlorenzomaggiore.com\/wp-content\/uploads\/2015\/11\/atrio-150x150.jpg\" \/>\n<meta name=\"twitter:card\" content=\"summary\" \/>\n<meta name=\"twitter:label1\" content=\"Scritto da\">\n\t<meta name=\"twitter:data1\" content=\"Mattia Colombo\">\n\t<meta name=\"twitter:label2\" content=\"Tempo di lettura stimato\">\n\t<meta name=\"twitter:data2\" content=\"6 minuti\">\n<script type=\"application\/ld+json\" class=\"yoast-schema-graph\">{\"@context\":\"https:\/\/schema.org\",\"@graph\":[{\"@type\":\"WebSite\",\"@id\":\"http:\/\/www.sanlorenzomaggiore.com\/#website\",\"url\":\"http:\/\/www.sanlorenzomaggiore.com\/\",\"name\":\"Basilica San Lorenzo Maggiore\",\"description\":\"Educare \\u00e8 come seminare: il frutto non \\u00e8 garantito e non \\u00e8 immediato, ma se non si semina \\u00e8 certo che non ci sar\\u00e0 raccolto.\",\"potentialAction\":[{\"@type\":\"SearchAction\",\"target\":\"http:\/\/www.sanlorenzomaggiore.com\/?s={search_term_string}\",\"query-input\":\"required name=search_term_string\"}],\"inLanguage\":\"it-IT\"},{\"@type\":\"WebPage\",\"@id\":\"http:\/\/www.sanlorenzomaggiore.com\/index.php\/2020\/02\/19\/cappella-sant-aquilino\/#webpage\",\"url\":\"http:\/\/www.sanlorenzomaggiore.com\/index.php\/2020\/02\/19\/cappella-sant-aquilino\/\",\"name\":\"Cappella Sant'Aquilino parte del complesso monumentale di San Lorenzo\",\"isPartOf\":{\"@id\":\"http:\/\/www.sanlorenzomaggiore.com\/#website\"},\"datePublished\":\"2020-02-19T10:35:00+00:00\",\"dateModified\":\"2021-03-09T13:15:05+00:00\",\"author\":{\"@id\":\"http:\/\/www.sanlorenzomaggiore.com\/#\/schema\/person\/cf8c3f166bf0d229ca8514828bd89bb3\"},\"description\":\"Cappella di Sant\\u2019Aquilino parte del complesso monumentale di San Lorenzo che ha conservato per intero la struttura originale. Attraverso un atrio a\",\"inLanguage\":\"it-IT\",\"potentialAction\":[{\"@type\":\"ReadAction\",\"target\":[\"http:\/\/www.sanlorenzomaggiore.com\/index.php\/2020\/02\/19\/cappella-sant-aquilino\/\"]}]},{\"@type\":\"Person\",\"@id\":\"http:\/\/www.sanlorenzomaggiore.com\/#\/schema\/person\/cf8c3f166bf0d229ca8514828bd89bb3\",\"name\":\"Mattia Colombo\",\"image\":{\"@type\":\"ImageObject\",\"@id\":\"http:\/\/www.sanlorenzomaggiore.com\/#personlogo\",\"inLanguage\":\"it-IT\",\"url\":\"https:\/\/secure.gravatar.com\/avatar\/e86a5b1ce16ae5067e6638e6d1749454?s=96&d=mm&r=g\",\"caption\":\"Mattia Colombo\"},\"sameAs\":[\"http:\/\/www.mattiacolombo.com\"]}]}<\/script>\n<!-- \/ Yoast SEO plugin. -->","_links":{"self":[{"href":"https:\/\/www.sanlorenzomaggiore.com\/index.php\/wp-json\/wp\/v2\/posts\/1564"}],"collection":[{"href":"https:\/\/www.sanlorenzomaggiore.com\/index.php\/wp-json\/wp\/v2\/posts"}],"about":[{"href":"https:\/\/www.sanlorenzomaggiore.com\/index.php\/wp-json\/wp\/v2\/types\/post"}],"author":[{"embeddable":true,"href":"https:\/\/www.sanlorenzomaggiore.com\/index.php\/wp-json\/wp\/v2\/users\/3"}],"replies":[{"embeddable":true,"href":"https:\/\/www.sanlorenzomaggiore.com\/index.php\/wp-json\/wp\/v2\/comments?post=1564"}],"version-history":[{"count":23,"href":"https:\/\/www.sanlorenzomaggiore.com\/index.php\/wp-json\/wp\/v2\/posts\/1564\/revisions"}],"predecessor-version":[{"id":2119,"href":"https:\/\/www.sanlorenzomaggiore.com\/index.php\/wp-json\/wp\/v2\/posts\/1564\/revisions\/2119"}],"wp:attachment":[{"href":"https:\/\/www.sanlorenzomaggiore.com\/index.php\/wp-json\/wp\/v2\/media?parent=1564"}],"wp:term":[{"taxonomy":"category","embeddable":true,"href":"https:\/\/www.sanlorenzomaggiore.com\/index.php\/wp-json\/wp\/v2\/categories?post=1564"},{"taxonomy":"post_tag","embeddable":true,"href":"https:\/\/www.sanlorenzomaggiore.com\/index.php\/wp-json\/wp\/v2\/tags?post=1564"}],"curies":[{"name":"wp","href":"https:\/\/api.w.org\/{rel}","templated":true}]}}